{"id":27255,"date":"2025-04-08T10:59:57","date_gmt":"2025-04-08T08:59:57","guid":{"rendered":"https:\/\/www.vulcania.com\/?p=27255"},"modified":"2025-07-15T08:53:57","modified_gmt":"2025-07-15T06:53:57","slug":"2025-spring-events","status":"publish","type":"post","link":"https:\/\/www.vulcania.com\/en\/news\/2025-spring-events\/","title":{"rendered":"Spring events"},"content":{"rendered":"<div class=\"wpb-content-wrapper\"><p>[vc_row content_placement=&#8221;top&#8221;][vc_column][vc_column_text css=&#8221;&#8221; el_class=&#8221;bloc couleur coul-1 calendrier&#8221;]<strong>Until 6 July 2025<\/strong>[\/vc_column_text][\/vc_column][\/vc_row][vc_row content_placement=&#8221;top&#8221;][vc_column][vc_column_text css=&#8221;&#8221; el_class=&#8221;intro&#8221;]Celebrate spring at Vulcania with <strong>shows<\/strong>, <a href=\"\/en\/actualites\/nouveautes\/\"><strong>new features<\/strong> <\/a>and a <strong>special Easter weekend event<\/strong> you won&#8217;t want to miss![\/vc_column_text][vc_column_text css=&#8221;&#8221;]Professor Yapadrisk will captivate young and old alike with his hair-raising experiments in <a href=\"\/en\/animation\/experiences-cest-show\/\">\u2018Exp\u00e9riences, c&#8217;est Show!&#8217;<\/a><br \/>\nCome and recharge your batteries in the park&#8217;s unique natural setting with a <a href=\"\/en\/animation\/presentation-de-rapaces-en-vol-libre\/\">demonstration of birds of prey<\/a> flying alongside passionate falconers.<\/p>\n<p>And don&#8217;t forget the new 2025 attractions at the start of the season! Experience a real volcanic immersion with \u2018<a href=\"\/en\/animation\/terre-de-volcans\/\">Terre de volcans<\/a>\u2019 or discover the magnificent story of the volcanologist couple Maurice and Katia Krafft thanks to the film \u2018<a href=\"\/en\/animation\/les-diables-des-volcans\/\">Les diables des volcans<\/a>\u2019 on a giant screen.<\/p>\n<p>And for <strong>Easter<\/strong>, little explorers can join in a <strong>gourmet treasure hunt<\/strong> on 19, 20 and 21 April.<\/p>\n<p>Spring also means other festive events, with <strong>extended opening times<\/strong> (until 10.30pm on Friday 30 May and until 7pm on 29 and 31 May), and a celebration of the longest day of the year with the scientific animation \u2018<strong>The Day of the Sun<\/strong>\u2019.[\/vc_column_text][\/vc_column][\/vc_row][vc_row el_class=&#8221;clair&#8221;][vc_column][vc_column_text css=&#8221;&#8221;]<\/p>\n<h2>The special<strong> Spring events<\/strong><\/h2>\n<p>[\/vc_column_text][vc_masonry_grid post_type=&#8221;animation&#8221; max_items=&#8221;10&#8243; element_width=&#8221;6&#8243; item=&#8221;326&#8243; css=&#8221;&#8221; grid_id=&#8221;vc_gid:1744877592912-8115cea0-53b2-8&#8243; taxonomies=&#8221;136&#8243;][\/vc_column][\/vc_row][vc_row el_class=&#8221;clair&#8221;][vc_column][vc_empty_space height=&#8221;15&#8243;][vc_column_text css=&#8221;&#8221;]<\/p>\n<h2>The <strong>Easter<\/strong> weekend<\/h2>\n<p>[\/vc_column_text][vc_row_inner content_placement=&#8221;middle&#8221;][vc_column_inner width=&#8221;1\/3&#8243;][vc_single_image image=&#8221;27280&#8243; img_size=&#8221;&#8221; alignment=&#8221;center&#8221; css=&#8221;&#8221;][\/vc_column_inner][vc_column_inner width=&#8221;2\/3&#8243;][vc_column_text css=&#8221;&#8221;]\ud83d\udcc5<strong> 19, 20 and 21 April<\/strong><\/p>\n<p>Professor Yapadrisk, has accidentally created <strong>six Easter bells<\/strong> that have scattered across the park, spreading <strong>coloured tokens<\/strong>&#8230; As these tokens can harm wildlife, it&#8217;s crucial that the children recover them to save the park&#8217;s environment. By collecting <strong>a token of each colour<\/strong>, they will receive a <strong>tasty reward<\/strong>, and whoever finds the<strong> golden token<\/strong> will win a <strong>chocolate treasure<\/strong>![\/vc_column_text][\/vc_column_inner][\/vc_row_inner][vc_column_text css=&#8221;&#8221;]<\/p>\n<h2>The <strong>Day of the Sun<\/strong><\/h2>\n<p>[\/vc_column_text][vc_row_inner content_placement=&#8221;middle&#8221;][vc_column_inner width=&#8221;2\/3&#8243;][vc_column_text css=&#8221;&#8221;]\ud83d\udcc5 <strong>21 June<\/strong><\/p>\n<p>To celebrate the <strong>summer solstice<\/strong>, Vulcania is putting our star in the spotlight! Explore <strong>plasma<\/strong>, the<strong> solar wind<\/strong> and the<strong> Earth&#8217;s magnetic field<\/strong> in <a href=\"\/en\/planetarium\/\">France&#8217;s largest planetarium<\/a>. Amateur astronomers from <a href=\"https:\/\/www.astronomie-auvergne.fr\/\" target=\"_blank\" rel=\"noopener\">CARA<\/a> will also be on hand with their <strong>models<\/strong> and<strong> instruments<\/strong> to observe our star. Visitors will be able to find out all about the sun&#8217;s special features,<strong> live<\/strong> and in<strong> complete safety<\/strong>.[\/vc_column_text][\/vc_column_inner][vc_column_inner width=&#8221;1\/3&#8243;][vc_single_image image=&#8221;27282&#8243; img_size=&#8221;&#8221; alignment=&#8221;center&#8221; css=&#8221;&#8221;][\/vc_column_inner][\/vc_row_inner][vc_column_text css=&#8221;&#8221;]<\/p>\n<h2><strong>New<\/strong> in 2025<\/h2>\n<p>[\/vc_column_text][vc_row_inner content_placement=&#8221;middle&#8221;][vc_column_inner width=&#8221;1\/3&#8243;][vc_single_image image=&#8221;25963&#8243; img_size=&#8221;&#8221; alignment=&#8221;center&#8221; css=&#8221;&#8221;][\/vc_column_inner][vc_column_inner width=&#8221;2\/3&#8243;][vc_column_text css=&#8221;&#8221;]<\/p>\n<h3>Land of volcanoes: volcanic immersion<\/h3>\n<p>Let yourself be enchanted by this brand new space offering you a unique experience at the heart of impressive volcanic landscapes, thanks to<strong> interactive mapping technology<\/strong>. Immerse yourself in breathtaking scenery, from <strong>lava flows<\/strong> to <strong>geysers<\/strong>, for a total immersion experience that lets you experience the powerful forces of the Earth in life-size![\/vc_column_text][\/vc_column_inner][\/vc_row_inner][vc_row_inner content_placement=&#8221;middle&#8221;][vc_column_inner width=&#8221;2\/3&#8243;][vc_column_text css=&#8221;&#8221;]<\/p>\n<h3>The volcano devils<\/h3>\n<p>Come and discover this captivating film <strong>on one of Europe&#8217;s largest screens<\/strong>, dedicated to the famous <strong>volcanologists Maurice and Katia Krafft<\/strong>! These intrepid adventurers travelled the <strong>world&#8217;s volcanoes<\/strong> to capture impressive images, leaving an invaluable scientific and visual legacy.[\/vc_column_text][\/vc_column_inner][vc_column_inner width=&#8221;1\/3&#8243;][vc_single_image image=&#8221;26184&#8243; img_size=&#8221;&#8221; alignment=&#8221;center&#8221; css=&#8221;&#8221;][\/vc_column_inner][\/vc_row_inner][\/vc_column][\/vc_row][vc_row content_placement=&#8221;top&#8221;][vc_column][vc_empty_space height=&#8221;15&#8243;][vc_column_text css=&#8221;&#8221;]<\/p>\n<h2><strong>Book your tickets now<\/strong> to enjoy this special programme!<\/h2>\n<p>[\/vc_column_text][\/vc_column][\/vc_row][vc_row][vc_column width=&#8221;1\/2&#8243;][vc_row_inner content_placement=&#8221;middle&#8221;][vc_column_inner width=&#8221;1\/2&#8243;][vc_column_text css=&#8221;&#8221;]<\/p>\n<h2>SMART<br \/>\n<strong>TICKET<\/strong><\/h2>\n<p>[\/vc_column_text][\/vc_column_inner][vc_column_inner width=&#8221;1\/2&#8243;][vc_column_text css=&#8221;&#8221; el_class=&#8221;sticker coul-1&#8243;]ONLINE<br \/>\nONLY[\/vc_column_text][\/vc_column_inner][\/vc_row_inner][vc_column_text css=&#8221;&#8221;]Save \u20ac2 on your tickets by buying them directly from the<a href=\"https:\/\/billetterie.vulcania.com\/en-GB\/home\"> Vulcania online ticketing service<\/a> no later than 5 days before your visit!<\/p>\n<table style=\"width: 71.5784%;\">\n<tbody>\n<tr>\n<th class=\"entete\" style=\"width: 59.7403%;\">PRICES INC.<br \/>\nVAT\/PERS*<\/th>\n<th class=\"bleu\" style=\"width: 166.494%;\"><a href=\"\/en\/calendar\/\">BLUE PERIOD<\/a><\/th>\n<\/tr>\n<tr>\n<td class=\"entete\" style=\"width: 59.7403%;\">Adult<\/td>\n<td style=\"width: 166.494%;\"><del>\u20ac 31.00<\/del><br \/>\n\u20ac 29.00<\/td>\n<\/tr>\n<tr>\n<td style=\"width: 59.7403%;\">Child (6 to 16 years old)<\/td>\n<td style=\"width: 166.494%;\"><del>\u20ac 26.00<\/del><br \/>\n\u20ac 24.00<\/td>\n<\/tr>\n<tr>\n<td style=\"width: 59.7403%;\">Young child (3 to 5 years old)<\/td>\n<td style=\"width: 166.494%;\">\u20ac 8.00<\/td>\n<\/tr>\n<\/tbody>\n<\/table>\n<p>[\/vc_column_text][vc_btn title=&#8221;Your smart tickets&#8221; css=&#8221;&#8221; link=&#8221;url:https%3A%2F%2Fbilletterie.vulcania.com%2Fen-GB%2Fproducts%3Ffamille%3D2202559824320400015&#8243; el_class=&#8221;bouton coul-3&#8243;][\/vc_column][vc_column width=&#8221;1\/2&#8243;][vc_row_inner content_placement=&#8221;middle&#8221;][vc_column_inner width=&#8221;1\/2&#8243;][vc_column_text css=&#8221;&#8221;]<\/p>\n<h2><strong>2-DAY<\/strong><br \/>\nTICKET<\/h2>\n<p>[\/vc_column_text][\/vc_column_inner][vc_column_inner width=&#8221;1\/2&#8243;][vc_column_text css=&#8221;&#8221; el_class=&#8221;sticker coul-1&#8243;]ONLINE<br \/>\nONLY[\/vc_column_text][\/vc_column_inner][\/vc_row_inner][vc_column_text css=&#8221;&#8221;]Set aside 2 consecutive days to take your time to explore all the Park\u2019s attractions and Spring special events!<\/p>\n<table style=\"width: 71.5784%; height: 144px;\">\n<tbody>\n<tr style=\"height: 48px;\">\n<th class=\"entete\" style=\"width: 59.7403%; height: 48px;\">PRICES INC.<br \/>\nVAT\/PERS*<\/th>\n<th class=\"bleu\" style=\"width: 166.494%; height: 48px;\"><a href=\"\/en\/calendar\/\">BLUE PERIOD<\/a><\/th>\n<\/tr>\n<tr style=\"height: 24px;\">\n<td class=\"entete\" style=\"width: 59.7403%; height: 24px;\">Adult<\/td>\n<td style=\"width: 166.494%; height: 24px;\">\u20ac 44.50<\/td>\n<\/tr>\n<tr style=\"height: 48px;\">\n<td style=\"width: 59.7403%; height: 48px;\">Child (6 to 16 years old)<\/td>\n<td style=\"width: 166.494%; height: 48px;\">\u20ac 37.00<\/td>\n<\/tr>\n<tr style=\"height: 24px;\">\n<td style=\"width: 59.7403%; height: 24px;\">Young child (3 to 5 years old)<\/td>\n<td style=\"width: 166.494%; height: 24px;\">\u20ac 13.00<\/td>\n<\/tr>\n<\/tbody>\n<\/table>\n<p>[\/vc_column_text][vc_btn title=&#8221;Your 2-day tickets&#8221; css=&#8221;&#8221; link=&#8221;url:https%3A%2F%2Fbilletterie.vulcania.com%2Fen-GB%2Fproducts%3Ffamille%3D2002760305930400000&#8243; el_class=&#8221;bouton coul-3&#8243;][\/vc_column][\/vc_row][vc_row][vc_column][vc_column_text css=&#8221;&#8221; el_class=&#8221;legende_calendrier petit&#8221;]<em>*Prices include 10% of VAT. \u2013 Kids younger than 3 years old are our guests.<br \/>\n<\/em>Information on the\u00a0<a href=\"https:\/\/www.vulcania.com\/en\/right-of-withdrawal\/\" target=\"_blank\" rel=\"noopener\">right of withdrawal and method of payment<\/a>[\/vc_column_text][\/vc_column][\/vc_row]<\/p>\n<\/div>","protected":false},"excerpt":{"rendered":"<p>\ud83d\udcc5 Until 6 July<br \/>\nCelebrate spring at Vulcania with shows, new attractions and a special Easter weekend event you won&#8217;t want to miss!<\/p>\n","protected":false},"author":10,"featured_media":27450,"comment_status":"closed","ping_status":"closed","sticky":false,"template":"","format":"standard","meta":{"_acf_changed":false,"_relevanssi_hide_post":"","_relevanssi_hide_content":"","_relevanssi_pin_for_all":"","_relevanssi_pin_keywords":"","_relevanssi_unpin_keywords":"","_relevanssi_related_keywords":"","_relevanssi_related_include_ids":"","_relevanssi_related_exclude_ids":"","_relevanssi_related_no_append":"","_relevanssi_related_not_related":"","_relevanssi_related_posts":"","_relevanssi_noindex_reason":"","footnotes":""},"categories":[1],"tags":[],"mise_en_avant":[],"acf":[],"yoast_head":"<!-- This site is optimized with the Yoast SEO plugin v22.9 - https:\/\/yoast.com\/wordpress\/plugins\/seo\/ -->\n<title>Spring events - Vulcania<\/title>\n<meta name=\"robots\" content=\"index, follow, max-snippet:-1, max-image-preview:large, max-video-preview:-1\" \/>\n<link rel=\"canonical\" href=\"https:\/\/www.vulcania.com\/news\/2025-spring-events\/\" \/>\n<meta property=\"og:locale\" content=\"en_US\" \/>\n<meta property=\"og:type\" content=\"article\" \/>\n<meta property=\"og:title\" content=\"Spring events - Vulcania\" \/>\n<meta property=\"og:description\" content=\"\ud83d\udcc5 Until 6 July  Celebrate spring at Vulcania with shows, new attractions and a special Easter weekend event you won&#039;t want to miss!\" \/>\n<meta property=\"og:url\" content=\"https:\/\/www.vulcania.com\/news\/2025-spring-events\/\" \/>\n<meta property=\"og:site_name\" content=\"Vulcania\" \/>\n<meta property=\"article:publisher\" content=\"https:\/\/www.facebook.com\/ParcVulcania\" \/>\n<meta property=\"article:published_time\" content=\"2025-04-08T08:59:57+00:00\" \/>\n<meta property=\"article:modified_time\" content=\"2025-07-15T06:53:57+00:00\" \/>\n<meta property=\"og:image\" content=\"https:\/\/www.vulcania.com\/wp-content\/uploads\/2025\/04\/actu_spring-time-at-vulcania_800x800.jpg\" \/>\n\t<meta property=\"og:image:width\" content=\"800\" \/>\n\t<meta property=\"og:image:height\" content=\"800\" \/>\n\t<meta property=\"og:image:type\" content=\"image\/jpeg\" \/>\n<meta name=\"author\" content=\"Alexis ARBRE\" \/>\n<meta name=\"twitter:card\" content=\"summary_large_image\" \/>\n<meta name=\"twitter:creator\" content=\"@parc_vulcania\" \/>\n<meta name=\"twitter:site\" content=\"@parc_vulcania\" \/>\n<meta name=\"twitter:label1\" content=\"Written by\" \/>\n\t<meta name=\"twitter:data1\" content=\"Alexis ARBRE\" \/>\n\t<meta name=\"twitter:label2\" content=\"Est. reading time\" \/>\n\t<meta name=\"twitter:data2\" content=\"4 minutes\" \/>\n<script type=\"application\/ld+json\" class=\"yoast-schema-graph\">{\"@context\":\"https:\/\/schema.org\",\"@graph\":[{\"@type\":\"Article\",\"@id\":\"https:\/\/www.vulcania.com\/news\/2025-spring-events\/#article\",\"isPartOf\":{\"@id\":\"https:\/\/www.vulcania.com\/news\/2025-spring-events\/\"},\"author\":{\"name\":\"Alexis ARBRE\",\"@id\":\"https:\/\/www.vulcania.com\/#\/schema\/person\/497efd32706cde6944391bd0f79be985\"},\"headline\":\"Spring events\",\"datePublished\":\"2025-04-08T08:59:57+00:00\",\"dateModified\":\"2025-07-15T06:53:57+00:00\",\"mainEntityOfPage\":{\"@id\":\"https:\/\/www.vulcania.com\/news\/2025-spring-events\/\"},\"wordCount\":996,\"publisher\":{\"@id\":\"https:\/\/www.vulcania.com\/#organization\"},\"image\":{\"@id\":\"https:\/\/www.vulcania.com\/news\/2025-spring-events\/#primaryimage\"},\"thumbnailUrl\":\"https:\/\/www.vulcania.com\/wp-content\/uploads\/2025\/04\/actu_spring-time-at-vulcania_800x800.jpg\",\"articleSection\":[\"Non classifi\u00e9(e)\"],\"inLanguage\":\"en-US\"},{\"@type\":\"WebPage\",\"@id\":\"https:\/\/www.vulcania.com\/news\/2025-spring-events\/\",\"url\":\"https:\/\/www.vulcania.com\/news\/2025-spring-events\/\",\"name\":\"Spring events - Vulcania\",\"isPartOf\":{\"@id\":\"https:\/\/www.vulcania.com\/#website\"},\"primaryImageOfPage\":{\"@id\":\"https:\/\/www.vulcania.com\/news\/2025-spring-events\/#primaryimage\"},\"image\":{\"@id\":\"https:\/\/www.vulcania.com\/news\/2025-spring-events\/#primaryimage\"},\"thumbnailUrl\":\"https:\/\/www.vulcania.com\/wp-content\/uploads\/2025\/04\/actu_spring-time-at-vulcania_800x800.jpg\",\"datePublished\":\"2025-04-08T08:59:57+00:00\",\"dateModified\":\"2025-07-15T06:53:57+00:00\",\"breadcrumb\":{\"@id\":\"https:\/\/www.vulcania.com\/news\/2025-spring-events\/#breadcrumb\"},\"inLanguage\":\"en-US\",\"potentialAction\":[{\"@type\":\"ReadAction\",\"target\":[\"https:\/\/www.vulcania.com\/news\/2025-spring-events\/\"]}]},{\"@type\":\"ImageObject\",\"inLanguage\":\"en-US\",\"@id\":\"https:\/\/www.vulcania.com\/news\/2025-spring-events\/#primaryimage\",\"url\":\"https:\/\/www.vulcania.com\/wp-content\/uploads\/2025\/04\/actu_spring-time-at-vulcania_800x800.jpg\",\"contentUrl\":\"https:\/\/www.vulcania.com\/wp-content\/uploads\/2025\/04\/actu_spring-time-at-vulcania_800x800.jpg\",\"width\":800,\"height\":800},{\"@type\":\"BreadcrumbList\",\"@id\":\"https:\/\/www.vulcania.com\/news\/2025-spring-events\/#breadcrumb\",\"itemListElement\":[{\"@type\":\"ListItem\",\"position\":1,\"name\":\"Accueil\",\"item\":\"https:\/\/www.vulcania.com\/en\/\"},{\"@type\":\"ListItem\",\"position\":2,\"name\":\"Spring events\"}]},{\"@type\":\"WebSite\",\"@id\":\"https:\/\/www.vulcania.com\/#website\",\"url\":\"https:\/\/www.vulcania.com\/\",\"name\":\"Vulcania\",\"description\":\"Parc \u00e0 th\u00e8me au c\u0153ur des volcans d&#039;Auvergne\",\"publisher\":{\"@id\":\"https:\/\/www.vulcania.com\/#organization\"},\"potentialAction\":[{\"@type\":\"SearchAction\",\"target\":{\"@type\":\"EntryPoint\",\"urlTemplate\":\"https:\/\/www.vulcania.com\/?s={search_term_string}\"},\"query-input\":\"required name=search_term_string\"}],\"inLanguage\":\"en-US\"},{\"@type\":\"Organization\",\"@id\":\"https:\/\/www.vulcania.com\/#organization\",\"name\":\"Vulcania\",\"url\":\"https:\/\/www.vulcania.com\/\",\"logo\":{\"@type\":\"ImageObject\",\"inLanguage\":\"en-US\",\"@id\":\"https:\/\/www.vulcania.com\/#\/schema\/logo\/image\/\",\"url\":\"https:\/\/www.vulcania.com\/wp-content\/uploads\/2023\/03\/logo-vulcania.png\",\"contentUrl\":\"https:\/\/www.vulcania.com\/wp-content\/uploads\/2023\/03\/logo-vulcania.png\",\"width\":570,\"height\":253,\"caption\":\"Vulcania\"},\"image\":{\"@id\":\"https:\/\/www.vulcania.com\/#\/schema\/logo\/image\/\"},\"sameAs\":[\"https:\/\/www.facebook.com\/ParcVulcania\",\"https:\/\/x.com\/parc_vulcania\",\"https:\/\/www.youtube.com\/user\/ParcVulcania\",\"https:\/\/www.instagram.com\/parcvulcania\/\"]},{\"@type\":\"Person\",\"@id\":\"https:\/\/www.vulcania.com\/#\/schema\/person\/497efd32706cde6944391bd0f79be985\",\"name\":\"Alexis ARBRE\",\"image\":{\"@type\":\"ImageObject\",\"inLanguage\":\"en-US\",\"@id\":\"https:\/\/www.vulcania.com\/#\/schema\/person\/image\/\",\"url\":\"https:\/\/secure.gravatar.com\/avatar\/a8995e19651be79ff441e6017f3a2ff1?s=96&d=mm&r=g\",\"contentUrl\":\"https:\/\/secure.gravatar.com\/avatar\/a8995e19651be79ff441e6017f3a2ff1?s=96&d=mm&r=g\",\"caption\":\"Alexis ARBRE\"}}]}<\/script>\n<!-- \/ Yoast SEO plugin. -->","yoast_head_json":{"title":"Spring events - Vulcania","robots":{"index":"index","follow":"follow","max-snippet":"max-snippet:-1","max-image-preview":"max-image-preview:large","max-video-preview":"max-video-preview:-1"},"canonical":"https:\/\/www.vulcania.com\/news\/2025-spring-events\/","og_locale":"en_US","og_type":"article","og_title":"Spring events - Vulcania","og_description":"\ud83d\udcc5 Until 6 July  Celebrate spring at Vulcania with shows, new attractions and a special Easter weekend event you won't want to miss!","og_url":"https:\/\/www.vulcania.com\/news\/2025-spring-events\/","og_site_name":"Vulcania","article_publisher":"https:\/\/www.facebook.com\/ParcVulcania","article_published_time":"2025-04-08T08:59:57+00:00","article_modified_time":"2025-07-15T06:53:57+00:00","og_image":[{"width":800,"height":800,"url":"https:\/\/www.vulcania.com\/wp-content\/uploads\/2025\/04\/actu_spring-time-at-vulcania_800x800.jpg","type":"image\/jpeg"}],"author":"Alexis ARBRE","twitter_card":"summary_large_image","twitter_creator":"@parc_vulcania","twitter_site":"@parc_vulcania","twitter_misc":{"Written by":"Alexis ARBRE","Est. reading time":"4 minutes"},"schema":{"@context":"https:\/\/schema.org","@graph":[{"@type":"Article","@id":"https:\/\/www.vulcania.com\/news\/2025-spring-events\/#article","isPartOf":{"@id":"https:\/\/www.vulcania.com\/news\/2025-spring-events\/"},"author":{"name":"Alexis ARBRE","@id":"https:\/\/www.vulcania.com\/#\/schema\/person\/497efd32706cde6944391bd0f79be985"},"headline":"Spring events","datePublished":"2025-04-08T08:59:57+00:00","dateModified":"2025-07-15T06:53:57+00:00","mainEntityOfPage":{"@id":"https:\/\/www.vulcania.com\/news\/2025-spring-events\/"},"wordCount":996,"publisher":{"@id":"https:\/\/www.vulcania.com\/#organization"},"image":{"@id":"https:\/\/www.vulcania.com\/news\/2025-spring-events\/#primaryimage"},"thumbnailUrl":"https:\/\/www.vulcania.com\/wp-content\/uploads\/2025\/04\/actu_spring-time-at-vulcania_800x800.jpg","articleSection":["Non classifi\u00e9(e)"],"inLanguage":"en-US"},{"@type":"WebPage","@id":"https:\/\/www.vulcania.com\/news\/2025-spring-events\/","url":"https:\/\/www.vulcania.com\/news\/2025-spring-events\/","name":"Spring events - Vulcania","isPartOf":{"@id":"https:\/\/www.vulcania.com\/#website"},"primaryImageOfPage":{"@id":"https:\/\/www.vulcania.com\/news\/2025-spring-events\/#primaryimage"},"image":{"@id":"https:\/\/www.vulcania.com\/news\/2025-spring-events\/#primaryimage"},"thumbnailUrl":"https:\/\/www.vulcania.com\/wp-content\/uploads\/2025\/04\/actu_spring-time-at-vulcania_800x800.jpg","datePublished":"2025-04-08T08:59:57+00:00","dateModified":"2025-07-15T06:53:57+00:00","breadcrumb":{"@id":"https:\/\/www.vulcania.com\/news\/2025-spring-events\/#breadcrumb"},"inLanguage":"en-US","potentialAction":[{"@type":"ReadAction","target":["https:\/\/www.vulcania.com\/news\/2025-spring-events\/"]}]},{"@type":"ImageObject","inLanguage":"en-US","@id":"https:\/\/www.vulcania.com\/news\/2025-spring-events\/#primaryimage","url":"https:\/\/www.vulcania.com\/wp-content\/uploads\/2025\/04\/actu_spring-time-at-vulcania_800x800.jpg","contentUrl":"https:\/\/www.vulcania.com\/wp-content\/uploads\/2025\/04\/actu_spring-time-at-vulcania_800x800.jpg","width":800,"height":800},{"@type":"BreadcrumbList","@id":"https:\/\/www.vulcania.com\/news\/2025-spring-events\/#breadcrumb","itemListElement":[{"@type":"ListItem","position":1,"name":"Accueil","item":"https:\/\/www.vulcania.com\/en\/"},{"@type":"ListItem","position":2,"name":"Spring events"}]},{"@type":"WebSite","@id":"https:\/\/www.vulcania.com\/#website","url":"https:\/\/www.vulcania.com\/","name":"Vulcania","description":"Parc \u00e0 th\u00e8me au c\u0153ur des volcans d&#039;Auvergne","publisher":{"@id":"https:\/\/www.vulcania.com\/#organization"},"potentialAction":[{"@type":"SearchAction","target":{"@type":"EntryPoint","urlTemplate":"https:\/\/www.vulcania.com\/?s={search_term_string}"},"query-input":"required name=search_term_string"}],"inLanguage":"en-US"},{"@type":"Organization","@id":"https:\/\/www.vulcania.com\/#organization","name":"Vulcania","url":"https:\/\/www.vulcania.com\/","logo":{"@type":"ImageObject","inLanguage":"en-US","@id":"https:\/\/www.vulcania.com\/#\/schema\/logo\/image\/","url":"https:\/\/www.vulcania.com\/wp-content\/uploads\/2023\/03\/logo-vulcania.png","contentUrl":"https:\/\/www.vulcania.com\/wp-content\/uploads\/2023\/03\/logo-vulcania.png","width":570,"height":253,"caption":"Vulcania"},"image":{"@id":"https:\/\/www.vulcania.com\/#\/schema\/logo\/image\/"},"sameAs":["https:\/\/www.facebook.com\/ParcVulcania","https:\/\/x.com\/parc_vulcania","https:\/\/www.youtube.com\/user\/ParcVulcania","https:\/\/www.instagram.com\/parcvulcania\/"]},{"@type":"Person","@id":"https:\/\/www.vulcania.com\/#\/schema\/person\/497efd32706cde6944391bd0f79be985","name":"Alexis ARBRE","image":{"@type":"ImageObject","inLanguage":"en-US","@id":"https:\/\/www.vulcania.com\/#\/schema\/person\/image\/","url":"https:\/\/secure.gravatar.com\/avatar\/a8995e19651be79ff441e6017f3a2ff1?s=96&d=mm&r=g","contentUrl":"https:\/\/secure.gravatar.com\/avatar\/a8995e19651be79ff441e6017f3a2ff1?s=96&d=mm&r=g","caption":"Alexis ARBRE"}}]}},"_links":{"self":[{"href":"https:\/\/www.vulcania.com\/en\/wp-json\/wp\/v2\/posts\/27255"}],"collection":[{"href":"https:\/\/www.vulcania.com\/en\/wp-json\/wp\/v2\/posts"}],"about":[{"href":"https:\/\/www.vulcania.com\/en\/wp-json\/wp\/v2\/types\/post"}],"author":[{"embeddable":true,"href":"https:\/\/www.vulcania.com\/en\/wp-json\/wp\/v2\/users\/10"}],"replies":[{"embeddable":true,"href":"https:\/\/www.vulcania.com\/en\/wp-json\/wp\/v2\/comments?post=27255"}],"version-history":[{"count":8,"href":"https:\/\/www.vulcania.com\/en\/wp-json\/wp\/v2\/posts\/27255\/revisions"}],"predecessor-version":[{"id":27449,"href":"https:\/\/www.vulcania.com\/en\/wp-json\/wp\/v2\/posts\/27255\/revisions\/27449"}],"wp:featuredmedia":[{"embeddable":true,"href":"https:\/\/www.vulcania.com\/en\/wp-json\/wp\/v2\/media\/27450"}],"wp:attachment":[{"href":"https:\/\/www.vulcania.com\/en\/wp-json\/wp\/v2\/media?parent=27255"}],"wp:term":[{"taxonomy":"category","embeddable":true,"href":"https:\/\/www.vulcania.com\/en\/wp-json\/wp\/v2\/categories?post=27255"},{"taxonomy":"post_tag","embeddable":true,"href":"https:\/\/www.vulcania.com\/en\/wp-json\/wp\/v2\/tags?post=27255"},{"taxonomy":"mise_en_avant","embeddable":true,"href":"https:\/\/www.vulcania.com\/en\/wp-json\/wp\/v2\/mise_en_avant?post=27255"}],"curies":[{"name":"wp","href":"https:\/\/api.w.org\/{rel}","templated":true}]}}