{"id":27720,"date":"2025-06-26T14:43:48","date_gmt":"2025-06-26T12:43:48","guid":{"rendered":"https:\/\/www.vulcania.com\/?p=27720"},"modified":"2025-09-01T09:20:45","modified_gmt":"2025-09-01T07:20:45","slug":"2025-summer-events","status":"publish","type":"post","link":"https:\/\/www.vulcania.com\/en\/news\/2025-summer-events\/","title":{"rendered":"Summer events"},"content":{"rendered":"<div class=\"wpb-content-wrapper\"><p>[vc_row content_placement=&#8221;top&#8221;][vc_column][vc_column_text css=&#8221;&#8221; el_class=&#8221;bloc couleur coul-1 calendrier&#8221;]<strong>Every day from 7 July to 31 August<\/strong>[\/vc_column_text][\/vc_column][\/vc_row][vc_row][vc_column][vc_column_text css=&#8221;&#8221; el_class=&#8221;intro&#8221;]Experience summer at Vulcania with <strong>shows<\/strong>, <strong>special events<\/strong> and <strong>new animations !<\/strong>[\/vc_column_text][vc_column_text css=&#8221;&#8221;]Our visitors have already been able to discover the new features of 2025 since the park opened (the giant film screen <a href=\"https:\/\/www.vulcania.com\/en\/animation\/les-diables-des-volcans\/\">Les Diables des Volcans<\/a> (Volcanoes Devils) and the immersive and interactive space <a href=\"https:\/\/www.vulcania.com\/en\/animation\/terre-de-volcans\/\">Terre de Volcans<\/a> (Land of volcanoes)). But you can discover three new animations this summer : the new sound and light show <strong>Vulcanova, et la Nuit des Enchanteurs<\/strong> (Vulcanova, the Night of the Enchanters), the attraction <a href=\"https:\/\/www.vulcania.com\/en\/animation\/terre-en-colere\/\">Terre en col\u00e8re<\/a> (Angry Earth), and the animation <strong>C&#8217;est pas sorcier les volcans<\/strong> (Volcanoes are not rocket science)).[\/vc_column_text][vc_column_text css=&#8221;&#8221;]<\/p>\n<h2><strong>WHAT&#8217;S NEW THIS SUMMER ?<\/strong><\/h2>\n<p>[\/vc_column_text][vc_column_text css=&#8221;&#8221;]<\/p>\n<h3>Vulcanova, la Nuit des Enchanteurs<\/h3>\n<p>During July and August, Vulcania will be offering 11 dates to extend visitors&#8217; exploration of the park into the evening ! With the new show <strong>Vulcanova, la Nuit des Enchanteurs<\/strong>, spectators will plunge into a magical night-time show where sound ans light illuminate Vulcania&#8217;s magical atmosphere. This fascinating journey combines science and legends, offering an unforgettable evening full of emotions and surprises (16, 22, 29, 30 July and 05, 06, 12, 13, 19, 20 and 27 August) !<br \/>\nThe show is included in the day ticket for these dates. It is also possible to take advantage of a night-time rate with access to the park from 6.00 pm on these evenings.[\/vc_column_text][vc_row_inner][vc_column_inner width=&#8221;2\/3&#8243;][vc_column_text css=&#8221;&#8221;]<\/p>\n<h3><a href=\"https:\/\/www.vulcania.com\/en\/animation\/terre-en-colere\/\">Terre en col\u00e8re<\/a><\/h3>\n<p>Dive into the heart of the Earth&#8217;s wrath with our <strong>dynamic<\/strong> and <strong>interactive<\/strong> animation ! This immersive experience brings you face to face with the most spectacular and worrying manifestations of climate change : <strong>storms<\/strong>, <strong>floods<\/strong>, <strong>earthquakes<\/strong>, <strong>mega-fire<\/strong>, <strong>melting glaciers<\/strong> and <strong>volcanic eruptions<\/strong>.[\/vc_column_text][vc_btn title=&#8221;More informations&#8221; css=&#8221;&#8221; link=&#8221;url:https%3A%2F%2Fwww.vulcania.com%2Fen%2Fanimation%2Fterre-en-colere%2F&#8221; el_class=&#8221;bouton coul-3&#8243;][\/vc_column_inner][vc_column_inner width=&#8221;1\/3&#8243;][vc_single_image image=&#8221;27663&#8243; alignment=&#8221;center&#8221; onclick=&#8221;custom_link&#8221; css=&#8221;&#8221; link=&#8221;https:\/\/www.vulcania.com\/en\/animation\/terre-en-colere\/&#8221;][\/vc_column_inner][\/vc_row_inner][vc_row_inner][vc_column_inner width=&#8221;1\/3&#8243;][vc_single_image image=&#8221;27747&#8243; css=&#8221;&#8221;][\/vc_column_inner][vc_column_inner width=&#8221;2\/3&#8243;][vc_column_text css=&#8221;&#8221;]<\/p>\n<h3>C&#8217;est pas sorcier les volcans<\/h3>\n<p>A captiving presentation from a member of Vulcania&#8217;s scientific team, giving visitors the chance to find out all about volcanoes (how they work, where they are, what their differences are, what an eruption looks like, the work of volcanologists&#8230;).[\/vc_column_text][\/vc_column_inner][\/vc_row_inner][\/vc_column][\/vc_row][vc_row el_class=&#8221;clair&#8221;][vc_column][vc_empty_space height=&#8221;15&#8243;][vc_column_text css=&#8221;&#8221;]<\/p>\n<h2>OTHER NEW FEATURES IN 2025<\/h2>\n<p>[\/vc_column_text][vc_row_inner content_placement=&#8221;middle&#8221;][vc_column_inner width=&#8221;1\/3&#8243;][vc_single_image image=&#8221;25963&#8243; alignment=&#8221;center&#8221; onclick=&#8221;custom_link&#8221; css=&#8221;&#8221; link=&#8221;https:\/\/www.vulcania.com\/en\/animation\/terre-de-volcans\/&#8221;][\/vc_column_inner][vc_column_inner width=&#8221;2\/3&#8243;][vc_column_text css=&#8221;&#8221;]<\/p>\n<h3><a href=\"https:\/\/www.vulcania.com\/en\/animation\/terre-de-volcans\/\">Terre de volcans : l\u2019immersion volcanique<\/a><\/h3>\n<p>You\u2019ll be amazed by <strong>\u201cTerre de volcans : l\u2019immersion volcanique\u201d\u00a0<\/strong>(Land of volcanoes : the volcanic immersion), a brand new area that will immerse you into the heart of grandiose volcanic lanscapes, thanks to\u00a0<strong>interactive mapping<\/strong>\u00a0technology. Immerse yourself into breathtaking and varied scenery, from lava flows to geysers. It\u2019s a total immersion experience, bringin the forces of Earth to life ![\/vc_column_text][vc_btn title=&#8221;More informations&#8221; css=&#8221;&#8221; link=&#8221;url:https%3A%2F%2Fwww.vulcania.com%2Fen%2Fanimation%2Fterre-de-volcans%2F&#8221; el_class=&#8221;bouton coul-3&#8243;][\/vc_column_inner][\/vc_row_inner][vc_row_inner content_placement=&#8221;middle&#8221;][vc_column_inner width=&#8221;2\/3&#8243;][vc_column_text css=&#8221;&#8221;]<\/p>\n<h3><a href=\"https:\/\/www.vulcania.com\/en\/animation\/les-diables-des-volcans\/\">Les diables des volcans<\/a><\/h3>\n<p>Discover \u2018<strong>Les Diables des Volcans<\/strong>\u2019, a breathtaking film on one of Europe&#8217;s biggest screens, dedicated to the legendary volcanologists Maurice and Katia Krafft! These enthusiasts braved the world&#8217;s volcanoes to capture spectacular images, leaving an unforgettable scientific and visual legacy.[\/vc_column_text][vc_btn title=&#8221;More informations&#8221; css=&#8221;&#8221; link=&#8221;url:https%3A%2F%2Fwww.vulcania.com%2Fen%2Fanimation%2Fles-diables-des-volcans%2F&#8221; el_class=&#8221;bouton coul-3&#8243;][\/vc_column_inner][vc_column_inner width=&#8221;1\/3&#8243;][vc_single_image image=&#8221;26184&#8243; alignment=&#8221;center&#8221; onclick=&#8221;custom_link&#8221; css=&#8221;&#8221; link=&#8221;https:\/\/www.vulcania.com\/en\/animation\/les-diables-des-volcans\/&#8221;][\/vc_column_inner][\/vc_row_inner][\/vc_column][\/vc_row][vc_row el_class=&#8221;clair&#8221;][vc_column][vc_empty_space height=&#8221;15&#8243;][vc_column_text css=&#8221;&#8221;]<\/p>\n<h2>OTHER <strong>SPECIAL SUMMER ANIMATIONS<\/strong><\/h2>\n<p>[\/vc_column_text][vc_row_inner content_placement=&#8221;middle&#8221;][vc_column_inner width=&#8221;1\/3&#8243;][vc_single_image image=&#8221;21271&#8243; onclick=&#8221;custom_link&#8221; css=&#8221;&#8221; link=&#8221;https:\/\/www.vulcania.com\/en\/animation\/experiences-cest-show\/&#8221;][\/vc_column_inner][vc_column_inner width=&#8221;2\/3&#8243;][vc_column_text css=&#8221;&#8221;]<\/p>\n<h3><a href=\"https:\/\/www.vulcania.com\/en\/animation\/experiences-cest-show\/\">Exp\u00e9rience c&#8217;est Show !<\/a><\/h3>\n<p>The Vulcania animation team\u2019s show is suddenly turned upside down by a mad scientist: Professor Yapadrisk! He\u2019s going to replace the manipulations planned by the animation team with far more explosive experiments! With Professor Yapadrisk, science becomes a spectacular show\u2026 But is it really safe?<br \/>\n\ud83d\udcc5 Every day until August 31[\/vc_column_text][vc_btn title=&#8221;More informations&#8221; css=&#8221;&#8221; link=&#8221;url:https%3A%2F%2Fwww.vulcania.com%2Fen%2Fanimation%2Fexperiences-cest-show%2F&#8221; el_class=&#8221;bouton coul-3&#8243;][\/vc_column_inner][\/vc_row_inner][vc_row_inner content_placement=&#8221;middle&#8221;][vc_column_inner width=&#8221;2\/3&#8243;][vc_column_text css=&#8221;&#8221;]<\/p>\n<h3><a href=\"https:\/\/www.vulcania.com\/en\/animation\/yapadrisk-flamme-des-volcans\/\">Yapadrisk et la flamme des volcans<\/a><\/h3>\n<p>Look on as this show, led by the Vulcania team, is suddenly gatecrashed by a mad scientist : Professor Yapadrisk ! He will replace the activities planned by the presenters with much more explosive experiments !<\/p>\n<p>\ud83d\udcc5 Every day from 7 July to 31 August[\/vc_column_text][vc_btn title=&#8221;More informations&#8221; css=&#8221;&#8221; link=&#8221;url:https%3A%2F%2Fwww.vulcania.com%2Fen%2Fanimation%2Fyapadrisk-flamme-des-volcans%2F&#8221; el_class=&#8221;bouton coul-3&#8243;][\/vc_column_inner][vc_column_inner width=&#8221;1\/3&#8243;][vc_single_image image=&#8221;27754&#8243; onclick=&#8221;custom_link&#8221; css=&#8221;&#8221; link=&#8221;https:\/\/www.vulcania.com\/en\/animation\/yapadrisk-flamme-des-volcans\/&#8221;][\/vc_column_inner][\/vc_row_inner][vc_row_inner content_placement=&#8221;middle&#8221;][vc_column_inner width=&#8221;1\/3&#8243;][vc_single_image image=&#8221;27743&#8243; css=&#8221;&#8221;][\/vc_column_inner][vc_column_inner width=&#8221;2\/3&#8243;][vc_column_text css=&#8221;&#8221;]<\/p>\n<h3>Astronomiales<\/h3>\n<p>Three evenings to explore the sky with the naked eye or telescope, with outdoor activities, workshops led by the scientific team and immersive experiments under the Astrod\u00f4me. It&#8217;s a chance to look up at the stars while keeping your feet firmly planted on the ground.<\/p>\n<p>Participation in the Astronomiales is included in the day ticket for the dates concerned. It is also possible to take advantage of a night rate with access to the park from 7pm on these evenings.<\/p>\n<p>\ud83d\udcc5 23 July, 7 and 14 August[\/vc_column_text][\/vc_column_inner][\/vc_row_inner][\/vc_column][\/vc_row][vc_row][vc_column][vc_empty_space height=&#8221;30px&#8221;][vc_column_text css=&#8221;&#8221;]<\/p>\n<h2><strong>Book your tickets now<\/strong> to enjoy this special programme !<\/h2>\n<p>[\/vc_column_text][\/vc_column][\/vc_row][vc_row][vc_column][vc_row_inner content_placement=&#8221;middle&#8221;][vc_column_inner width=&#8221;1\/2&#8243;][vc_column_text css=&#8221;&#8221;]<\/p>\n<h2><strong>SMART<\/strong> TICKET<\/h2>\n<p>[\/vc_column_text][\/vc_column_inner][vc_column_inner width=&#8221;1\/2&#8243;][vc_column_text css=&#8221;&#8221; el_class=&#8221;sticker coul-1&#8243;]ONLY ONLINE[\/vc_column_text][\/vc_column_inner][\/vc_row_inner][vc_column_text css=&#8221;.vc_custom_1751273725605{margin-bottom: 15px !important;}&#8221; el_class=&#8221;tableau-mobile&#8221;]<\/p>\n<div class=\"wpb_text_column wpb_content_element tableau-mobile\">\n<div class=\"wpb_wrapper\">\n<p>Save up to \u20ac 2 per ticket by booking your visit <a href=\"https:\/\/billetterie.vulcania.com\/en-GB\/home\">on the online ticketing<\/a> at least 5 days in advance !<\/p>\n<table style=\"width: 99.2911%; height: 224px;\">\n<tbody>\n<tr style=\"height: 80px;\">\n<th style=\"width: 25.1506%; height: 80px;\">PRICES INC.<\/p>\n<p>VAT\/PERSON*<\/th>\n<th class=\"bleu\" style=\"width: 17.7971%; height: 80px;\">BLUE PERIOD<\/th>\n<th class=\"jaune\" style=\"width: 20.1268%; height: 80px;\">YELLOW PERIOD<\/th>\n<th style=\"width: 107.765%; height: 80px;\">\n<p style=\"color: #857ebd;\">PURPLE PERIOD<\/p>\n<\/th>\n<\/tr>\n<tr style=\"height: 48px;\">\n<td style=\"width: 25.1506%; height: 48px;\">Adult<\/td>\n<td style=\"width: 17.7971%; height: 48px;\"><del>31,00 \u20ac<\/del><br \/>\n29,00 \u20ac<\/td>\n<td style=\"width: 127.892%; text-align: center; height: 48px;\" colspan=\"2\"><del>32,50 \u20ac<\/del><br \/>\n30,50 \u20ac<\/td>\n<\/tr>\n<tr style=\"height: 48px;\">\n<td style=\"width: 25.1506%; height: 48px;\">Child<br \/>\n(6 to 16 years old)<\/td>\n<td style=\"width: 17.7971%; height: 48px;\"><del>26,00 \u20ac<\/del><br \/>\n24,00 \u20ac<\/td>\n<td style=\"width: 127.892%; text-align: center; height: 48px;\" colspan=\"2\"><del>27,00 \u20ac<\/del><br \/>\n25,00 \u20ac<\/td>\n<\/tr>\n<tr style=\"height: 48px;\">\n<td style=\"width: 25.1506%; height: 48px;\">Young child<br \/>\n(3 to 5 years old)<\/td>\n<td style=\"width: 17.7971%; height: 48px;\">8,00 \u20ac<\/td>\n<td style=\"width: 127.892%; text-align: center; height: 48px;\" colspan=\"2\">9,00 \u20ac<\/td>\n<\/tr>\n<\/tbody>\n<\/table>\n<\/div>\n<\/div>\n<p>[\/vc_column_text][vc_btn title=&#8221;Your smart tickets&#8221; css=&#8221;&#8221; link=&#8221;url:https%3A%2F%2Fbilletterie.vulcania.com%2Fen-GB%2Fhome&#8221; el_class=&#8221;bouton coul-3&#8243;][\/vc_column][\/vc_row][vc_row][vc_column][vc_column_text css=&#8221;&#8221; el_class=&#8221;legende_calendrier petit&#8221;]<em>*Prices include 10% of VAT. &#8211; Kids younger than 3 years old are our guests.<br \/>\n<\/em>Information on the <a href=\"\/en\/right-of-withdrawal\/\" target=\"_blank\" rel=\"noopener\">right of withdrawal and method of payment<\/a>[\/vc_column_text][\/vc_column][\/vc_row]<\/p>\n<\/div>","protected":false},"excerpt":{"rendered":"<p>Experience summer at Vulcania with shows, special events and new animations !<br \/>\n\ud83d\udcc5 Every day from 7 July to 31 August<\/p>\n","protected":false},"author":10,"featured_media":27725,"comment_status":"closed","ping_status":"closed","sticky":false,"template":"","format":"standard","meta":{"_acf_changed":false,"_relevanssi_hide_post":"","_relevanssi_hide_content":"","_relevanssi_pin_for_all":"","_relevanssi_pin_keywords":"","_relevanssi_unpin_keywords":"","_relevanssi_related_keywords":"","_relevanssi_related_include_ids":"","_relevanssi_related_exclude_ids":"","_relevanssi_related_no_append":"","_relevanssi_related_not_related":"","_relevanssi_related_posts":"","_relevanssi_noindex_reason":"","footnotes":""},"categories":[1],"tags":[],"mise_en_avant":[],"acf":[],"yoast_head":"<!-- This site is optimized with the Yoast SEO plugin v22.9 - https:\/\/yoast.com\/wordpress\/plugins\/seo\/ -->\n<title>Summer events - Vulcania<\/title>\n<meta name=\"robots\" content=\"index, follow, max-snippet:-1, max-image-preview:large, max-video-preview:-1\" \/>\n<link rel=\"canonical\" href=\"https:\/\/www.vulcania.com\/news\/2025-summer-events\/\" \/>\n<meta property=\"og:locale\" content=\"en_US\" \/>\n<meta property=\"og:type\" content=\"article\" \/>\n<meta property=\"og:title\" content=\"Summer events - Vulcania\" \/>\n<meta property=\"og:description\" content=\"Experience summer at Vulcania with shows, special events and new animations ! \ud83d\udcc5 Every day from 7 July to 31 August\" \/>\n<meta property=\"og:url\" content=\"https:\/\/www.vulcania.com\/news\/2025-summer-events\/\" \/>\n<meta property=\"og:site_name\" content=\"Vulcania\" \/>\n<meta property=\"article:publisher\" content=\"https:\/\/www.facebook.com\/ParcVulcania\" \/>\n<meta property=\"article:published_time\" content=\"2025-06-26T12:43:48+00:00\" \/>\n<meta property=\"article:modified_time\" content=\"2025-09-01T07:20:45+00:00\" \/>\n<meta property=\"og:image\" content=\"https:\/\/www.vulcania.com\/wp-content\/uploads\/2025\/06\/visuel-ete-2025_carre.jpg\" \/>\n\t<meta property=\"og:image:width\" content=\"800\" \/>\n\t<meta property=\"og:image:height\" content=\"800\" \/>\n\t<meta property=\"og:image:type\" content=\"image\/jpeg\" \/>\n<meta name=\"author\" content=\"Alexis ARBRE\" \/>\n<meta name=\"twitter:card\" content=\"summary_large_image\" \/>\n<meta name=\"twitter:creator\" content=\"@parc_vulcania\" \/>\n<meta name=\"twitter:site\" content=\"@parc_vulcania\" \/>\n<meta name=\"twitter:label1\" content=\"Written by\" \/>\n\t<meta name=\"twitter:data1\" content=\"Alexis ARBRE\" \/>\n\t<meta name=\"twitter:label2\" content=\"Est. reading time\" \/>\n\t<meta name=\"twitter:data2\" content=\"5 minutes\" \/>\n<script type=\"application\/ld+json\" class=\"yoast-schema-graph\">{\"@context\":\"https:\/\/schema.org\",\"@graph\":[{\"@type\":\"Article\",\"@id\":\"https:\/\/www.vulcania.com\/news\/2025-summer-events\/#article\",\"isPartOf\":{\"@id\":\"https:\/\/www.vulcania.com\/news\/2025-summer-events\/\"},\"author\":{\"name\":\"Alexis ARBRE\",\"@id\":\"https:\/\/www.vulcania.com\/#\/schema\/person\/497efd32706cde6944391bd0f79be985\"},\"headline\":\"Summer events\",\"datePublished\":\"2025-06-26T12:43:48+00:00\",\"dateModified\":\"2025-09-01T07:20:45+00:00\",\"mainEntityOfPage\":{\"@id\":\"https:\/\/www.vulcania.com\/news\/2025-summer-events\/\"},\"wordCount\":1320,\"publisher\":{\"@id\":\"https:\/\/www.vulcania.com\/#organization\"},\"image\":{\"@id\":\"https:\/\/www.vulcania.com\/news\/2025-summer-events\/#primaryimage\"},\"thumbnailUrl\":\"https:\/\/www.vulcania.com\/wp-content\/uploads\/2025\/06\/visuel-ete-2025_carre.jpg\",\"articleSection\":[\"Non classifi\u00e9(e)\"],\"inLanguage\":\"en-US\"},{\"@type\":\"WebPage\",\"@id\":\"https:\/\/www.vulcania.com\/news\/2025-summer-events\/\",\"url\":\"https:\/\/www.vulcania.com\/news\/2025-summer-events\/\",\"name\":\"Summer events - Vulcania\",\"isPartOf\":{\"@id\":\"https:\/\/www.vulcania.com\/#website\"},\"primaryImageOfPage\":{\"@id\":\"https:\/\/www.vulcania.com\/news\/2025-summer-events\/#primaryimage\"},\"image\":{\"@id\":\"https:\/\/www.vulcania.com\/news\/2025-summer-events\/#primaryimage\"},\"thumbnailUrl\":\"https:\/\/www.vulcania.com\/wp-content\/uploads\/2025\/06\/visuel-ete-2025_carre.jpg\",\"datePublished\":\"2025-06-26T12:43:48+00:00\",\"dateModified\":\"2025-09-01T07:20:45+00:00\",\"breadcrumb\":{\"@id\":\"https:\/\/www.vulcania.com\/news\/2025-summer-events\/#breadcrumb\"},\"inLanguage\":\"en-US\",\"potentialAction\":[{\"@type\":\"ReadAction\",\"target\":[\"https:\/\/www.vulcania.com\/news\/2025-summer-events\/\"]}]},{\"@type\":\"ImageObject\",\"inLanguage\":\"en-US\",\"@id\":\"https:\/\/www.vulcania.com\/news\/2025-summer-events\/#primaryimage\",\"url\":\"https:\/\/www.vulcania.com\/wp-content\/uploads\/2025\/06\/visuel-ete-2025_carre.jpg\",\"contentUrl\":\"https:\/\/www.vulcania.com\/wp-content\/uploads\/2025\/06\/visuel-ete-2025_carre.jpg\",\"width\":800,\"height\":800},{\"@type\":\"BreadcrumbList\",\"@id\":\"https:\/\/www.vulcania.com\/news\/2025-summer-events\/#breadcrumb\",\"itemListElement\":[{\"@type\":\"ListItem\",\"position\":1,\"name\":\"Accueil\",\"item\":\"https:\/\/www.vulcania.com\/en\/\"},{\"@type\":\"ListItem\",\"position\":2,\"name\":\"Summer events\"}]},{\"@type\":\"WebSite\",\"@id\":\"https:\/\/www.vulcania.com\/#website\",\"url\":\"https:\/\/www.vulcania.com\/\",\"name\":\"Vulcania\",\"description\":\"Parc \u00e0 th\u00e8me au c\u0153ur des volcans d&#039;Auvergne\",\"publisher\":{\"@id\":\"https:\/\/www.vulcania.com\/#organization\"},\"potentialAction\":[{\"@type\":\"SearchAction\",\"target\":{\"@type\":\"EntryPoint\",\"urlTemplate\":\"https:\/\/www.vulcania.com\/?s={search_term_string}\"},\"query-input\":\"required name=search_term_string\"}],\"inLanguage\":\"en-US\"},{\"@type\":\"Organization\",\"@id\":\"https:\/\/www.vulcania.com\/#organization\",\"name\":\"Vulcania\",\"url\":\"https:\/\/www.vulcania.com\/\",\"logo\":{\"@type\":\"ImageObject\",\"inLanguage\":\"en-US\",\"@id\":\"https:\/\/www.vulcania.com\/#\/schema\/logo\/image\/\",\"url\":\"https:\/\/www.vulcania.com\/wp-content\/uploads\/2023\/03\/logo-vulcania.png\",\"contentUrl\":\"https:\/\/www.vulcania.com\/wp-content\/uploads\/2023\/03\/logo-vulcania.png\",\"width\":570,\"height\":253,\"caption\":\"Vulcania\"},\"image\":{\"@id\":\"https:\/\/www.vulcania.com\/#\/schema\/logo\/image\/\"},\"sameAs\":[\"https:\/\/www.facebook.com\/ParcVulcania\",\"https:\/\/x.com\/parc_vulcania\",\"https:\/\/www.youtube.com\/user\/ParcVulcania\",\"https:\/\/www.instagram.com\/parcvulcania\/\"]},{\"@type\":\"Person\",\"@id\":\"https:\/\/www.vulcania.com\/#\/schema\/person\/497efd32706cde6944391bd0f79be985\",\"name\":\"Alexis ARBRE\",\"image\":{\"@type\":\"ImageObject\",\"inLanguage\":\"en-US\",\"@id\":\"https:\/\/www.vulcania.com\/#\/schema\/person\/image\/\",\"url\":\"https:\/\/secure.gravatar.com\/avatar\/a8995e19651be79ff441e6017f3a2ff1?s=96&d=mm&r=g\",\"contentUrl\":\"https:\/\/secure.gravatar.com\/avatar\/a8995e19651be79ff441e6017f3a2ff1?s=96&d=mm&r=g\",\"caption\":\"Alexis ARBRE\"}}]}<\/script>\n<!-- \/ Yoast SEO plugin. -->","yoast_head_json":{"title":"Summer events - Vulcania","robots":{"index":"index","follow":"follow","max-snippet":"max-snippet:-1","max-image-preview":"max-image-preview:large","max-video-preview":"max-video-preview:-1"},"canonical":"https:\/\/www.vulcania.com\/news\/2025-summer-events\/","og_locale":"en_US","og_type":"article","og_title":"Summer events - Vulcania","og_description":"Experience summer at Vulcania with shows, special events and new animations ! \ud83d\udcc5 Every day from 7 July to 31 August","og_url":"https:\/\/www.vulcania.com\/news\/2025-summer-events\/","og_site_name":"Vulcania","article_publisher":"https:\/\/www.facebook.com\/ParcVulcania","article_published_time":"2025-06-26T12:43:48+00:00","article_modified_time":"2025-09-01T07:20:45+00:00","og_image":[{"width":800,"height":800,"url":"https:\/\/www.vulcania.com\/wp-content\/uploads\/2025\/06\/visuel-ete-2025_carre.jpg","type":"image\/jpeg"}],"author":"Alexis ARBRE","twitter_card":"summary_large_image","twitter_creator":"@parc_vulcania","twitter_site":"@parc_vulcania","twitter_misc":{"Written by":"Alexis ARBRE","Est. reading time":"5 minutes"},"schema":{"@context":"https:\/\/schema.org","@graph":[{"@type":"Article","@id":"https:\/\/www.vulcania.com\/news\/2025-summer-events\/#article","isPartOf":{"@id":"https:\/\/www.vulcania.com\/news\/2025-summer-events\/"},"author":{"name":"Alexis ARBRE","@id":"https:\/\/www.vulcania.com\/#\/schema\/person\/497efd32706cde6944391bd0f79be985"},"headline":"Summer events","datePublished":"2025-06-26T12:43:48+00:00","dateModified":"2025-09-01T07:20:45+00:00","mainEntityOfPage":{"@id":"https:\/\/www.vulcania.com\/news\/2025-summer-events\/"},"wordCount":1320,"publisher":{"@id":"https:\/\/www.vulcania.com\/#organization"},"image":{"@id":"https:\/\/www.vulcania.com\/news\/2025-summer-events\/#primaryimage"},"thumbnailUrl":"https:\/\/www.vulcania.com\/wp-content\/uploads\/2025\/06\/visuel-ete-2025_carre.jpg","articleSection":["Non classifi\u00e9(e)"],"inLanguage":"en-US"},{"@type":"WebPage","@id":"https:\/\/www.vulcania.com\/news\/2025-summer-events\/","url":"https:\/\/www.vulcania.com\/news\/2025-summer-events\/","name":"Summer events - Vulcania","isPartOf":{"@id":"https:\/\/www.vulcania.com\/#website"},"primaryImageOfPage":{"@id":"https:\/\/www.vulcania.com\/news\/2025-summer-events\/#primaryimage"},"image":{"@id":"https:\/\/www.vulcania.com\/news\/2025-summer-events\/#primaryimage"},"thumbnailUrl":"https:\/\/www.vulcania.com\/wp-content\/uploads\/2025\/06\/visuel-ete-2025_carre.jpg","datePublished":"2025-06-26T12:43:48+00:00","dateModified":"2025-09-01T07:20:45+00:00","breadcrumb":{"@id":"https:\/\/www.vulcania.com\/news\/2025-summer-events\/#breadcrumb"},"inLanguage":"en-US","potentialAction":[{"@type":"ReadAction","target":["https:\/\/www.vulcania.com\/news\/2025-summer-events\/"]}]},{"@type":"ImageObject","inLanguage":"en-US","@id":"https:\/\/www.vulcania.com\/news\/2025-summer-events\/#primaryimage","url":"https:\/\/www.vulcania.com\/wp-content\/uploads\/2025\/06\/visuel-ete-2025_carre.jpg","contentUrl":"https:\/\/www.vulcania.com\/wp-content\/uploads\/2025\/06\/visuel-ete-2025_carre.jpg","width":800,"height":800},{"@type":"BreadcrumbList","@id":"https:\/\/www.vulcania.com\/news\/2025-summer-events\/#breadcrumb","itemListElement":[{"@type":"ListItem","position":1,"name":"Accueil","item":"https:\/\/www.vulcania.com\/en\/"},{"@type":"ListItem","position":2,"name":"Summer events"}]},{"@type":"WebSite","@id":"https:\/\/www.vulcania.com\/#website","url":"https:\/\/www.vulcania.com\/","name":"Vulcania","description":"Parc \u00e0 th\u00e8me au c\u0153ur des volcans d&#039;Auvergne","publisher":{"@id":"https:\/\/www.vulcania.com\/#organization"},"potentialAction":[{"@type":"SearchAction","target":{"@type":"EntryPoint","urlTemplate":"https:\/\/www.vulcania.com\/?s={search_term_string}"},"query-input":"required name=search_term_string"}],"inLanguage":"en-US"},{"@type":"Organization","@id":"https:\/\/www.vulcania.com\/#organization","name":"Vulcania","url":"https:\/\/www.vulcania.com\/","logo":{"@type":"ImageObject","inLanguage":"en-US","@id":"https:\/\/www.vulcania.com\/#\/schema\/logo\/image\/","url":"https:\/\/www.vulcania.com\/wp-content\/uploads\/2023\/03\/logo-vulcania.png","contentUrl":"https:\/\/www.vulcania.com\/wp-content\/uploads\/2023\/03\/logo-vulcania.png","width":570,"height":253,"caption":"Vulcania"},"image":{"@id":"https:\/\/www.vulcania.com\/#\/schema\/logo\/image\/"},"sameAs":["https:\/\/www.facebook.com\/ParcVulcania","https:\/\/x.com\/parc_vulcania","https:\/\/www.youtube.com\/user\/ParcVulcania","https:\/\/www.instagram.com\/parcvulcania\/"]},{"@type":"Person","@id":"https:\/\/www.vulcania.com\/#\/schema\/person\/497efd32706cde6944391bd0f79be985","name":"Alexis ARBRE","image":{"@type":"ImageObject","inLanguage":"en-US","@id":"https:\/\/www.vulcania.com\/#\/schema\/person\/image\/","url":"https:\/\/secure.gravatar.com\/avatar\/a8995e19651be79ff441e6017f3a2ff1?s=96&d=mm&r=g","contentUrl":"https:\/\/secure.gravatar.com\/avatar\/a8995e19651be79ff441e6017f3a2ff1?s=96&d=mm&r=g","caption":"Alexis ARBRE"}}]}},"_links":{"self":[{"href":"https:\/\/www.vulcania.com\/en\/wp-json\/wp\/v2\/posts\/27720"}],"collection":[{"href":"https:\/\/www.vulcania.com\/en\/wp-json\/wp\/v2\/posts"}],"about":[{"href":"https:\/\/www.vulcania.com\/en\/wp-json\/wp\/v2\/types\/post"}],"author":[{"embeddable":true,"href":"https:\/\/www.vulcania.com\/en\/wp-json\/wp\/v2\/users\/10"}],"replies":[{"embeddable":true,"href":"https:\/\/www.vulcania.com\/en\/wp-json\/wp\/v2\/comments?post=27720"}],"version-history":[{"count":21,"href":"https:\/\/www.vulcania.com\/en\/wp-json\/wp\/v2\/posts\/27720\/revisions"}],"predecessor-version":[{"id":28316,"href":"https:\/\/www.vulcania.com\/en\/wp-json\/wp\/v2\/posts\/27720\/revisions\/28316"}],"wp:featuredmedia":[{"embeddable":true,"href":"https:\/\/www.vulcania.com\/en\/wp-json\/wp\/v2\/media\/27725"}],"wp:attachment":[{"href":"https:\/\/www.vulcania.com\/en\/wp-json\/wp\/v2\/media?parent=27720"}],"wp:term":[{"taxonomy":"category","embeddable":true,"href":"https:\/\/www.vulcania.com\/en\/wp-json\/wp\/v2\/categories?post=27720"},{"taxonomy":"post_tag","embeddable":true,"href":"https:\/\/www.vulcania.com\/en\/wp-json\/wp\/v2\/tags?post=27720"},{"taxonomy":"mise_en_avant","embeddable":true,"href":"https:\/\/www.vulcania.com\/en\/wp-json\/wp\/v2\/mise_en_avant?post=27720"}],"curies":[{"name":"wp","href":"https:\/\/api.w.org\/{rel}","templated":true}]}}