{"id":28138,"date":"2025-07-11T18:00:32","date_gmt":"2025-07-11T16:00:32","guid":{"rendered":"https:\/\/www.vulcania.com\/en\/news\/brouillon-auto\/"},"modified":"2025-07-11T16:13:24","modified_gmt":"2025-07-11T14:13:24","slug":"14-july-2025","status":"publish","type":"post","link":"https:\/\/www.vulcania.com\/en\/news\/14-july-2025\/","title":{"rendered":"Monday 14 July 2025: Exceptional opening from 09.30 AM!"},"content":{"rendered":"<div class=\"wpb-content-wrapper\"><p>[vc_row][vc_column][vc_column_text css=&#8221;&#8221; el_class=&#8221;bloc couleur coul-1 calendrier&#8221;]<strong>Monday 14 July, 2025<\/strong>[\/vc_column_text][\/vc_column][\/vc_row][vc_row][vc_column][vc_column_text css=&#8221;&#8221; el_class=&#8221;intro&#8221;]The Tour de France will pass close to Clermont-Ferrand on Monday 14 July, which means that the roads out of the Clermont-Ferrand conurbation will be closed between 10 AM and 4 PM. To ensure that everything runs smoothly and that you have a great day out exploring the area, the car parks will be accessible from 9 AM and the activities will open at 9.30 AM on Monday![\/vc_column_text][vc_column_text css=&#8221;&#8221;]So you&#8217;ll have an extra \u00bd hour to enjoy the park and its attractions!<\/p>\n<p>Please note that all roads will be available via Pontgibaud and via the A89 Bromont-Lamothe exit.<\/p>\n<p>To help you plan your journey, please consult the <a href=\"https:\/\/www.puy-de-dome.fr\/actualites\/juillet-2025\/tour-de-france-horaires-fermeture-des-routes.html\" target=\"_blank\" rel=\"noopener\">departmental information website<\/a> and the <a href=\"https:\/\/www.puy-de-dome.fr\/fileadmin\/user_upload\/Carte_Fermetures_Etape_10_Hommes_25.pdf\" target=\"_blank\" rel=\"noopener\">detailed map<\/a>.<\/p>\n<p>Our teams look forward to welcoming you on 14 July for an explosive day! \ud83c\udf0b\ud83d\udeb4\u200d\u2642\ufe0f[\/vc_column_text][\/vc_column][\/vc_row]<\/p>\n<\/div>","protected":false},"excerpt":{"rendered":"<p>The Tour de France will pass close to Clermont-Ferrand on Monday 14 July, which means that the roads out of the Clermont-Ferrand conurbation will be closed between 10 AM and 4 PM. To ensure that everything runs smoothly and that you have a great day out exploring the area, the car parks will be accessible from 9 AM and the activities will open at 9.30 AM on Monday!<\/p>\n","protected":false},"author":2,"featured_media":28145,"comment_status":"closed","ping_status":"closed","sticky":false,"template":"","format":"standard","meta":{"_acf_changed":false,"_relevanssi_hide_post":"","_relevanssi_hide_content":"","_relevanssi_pin_for_all":"","_relevanssi_pin_keywords":"","_relevanssi_unpin_keywords":"","_relevanssi_related_keywords":"","_relevanssi_related_include_ids":"","_relevanssi_related_exclude_ids":"","_relevanssi_related_no_append":"","_relevanssi_related_not_related":"","_relevanssi_related_posts":"","_relevanssi_noindex_reason":"","footnotes":""},"categories":[1],"tags":[],"mise_en_avant":[],"acf":[],"yoast_head":"<!-- This site is optimized with the Yoast SEO plugin v22.9 - https:\/\/yoast.com\/wordpress\/plugins\/seo\/ -->\n<title>Monday 14 July 2025: Exceptional opening from 09.30 AM! - Vulcania<\/title>\n<meta name=\"robots\" content=\"index, follow, max-snippet:-1, max-image-preview:large, max-video-preview:-1\" \/>\n<link rel=\"canonical\" href=\"https:\/\/www.vulcania.com\/actualites\/14-july-2025\/\" \/>\n<meta property=\"og:locale\" content=\"en_US\" \/>\n<meta property=\"og:type\" content=\"article\" \/>\n<meta property=\"og:title\" content=\"Monday 14 July 2025: Exceptional opening from 09.30 AM! - Vulcania\" \/>\n<meta property=\"og:description\" content=\"The Tour de France will pass close to Clermont-Ferrand on Monday 14 July, which means that the roads out of the Clermont-Ferrand conurbation will be closed between 10 AM and 4 PM. To ensure that everything runs smoothly and that you have a great day out exploring the area, the car parks will be accessible from 9 AM and the activities will open at 9.30 AM on Monday!\" \/>\n<meta property=\"og:url\" content=\"https:\/\/www.vulcania.com\/actualites\/14-july-2025\/\" \/>\n<meta property=\"og:site_name\" content=\"Vulcania\" \/>\n<meta property=\"article:publisher\" content=\"https:\/\/www.facebook.com\/ParcVulcania\" \/>\n<meta property=\"article:published_time\" content=\"2025-07-11T16:00:32+00:00\" \/>\n<meta property=\"article:modified_time\" content=\"2025-07-11T14:13:24+00:00\" \/>\n<meta property=\"og:image\" content=\"https:\/\/www.vulcania.com\/wp-content\/uploads\/2025\/07\/actu_14-juillet_800x800_EN.jpg\" \/>\n\t<meta property=\"og:image:width\" content=\"800\" \/>\n\t<meta property=\"og:image:height\" content=\"800\" \/>\n\t<meta property=\"og:image:type\" content=\"image\/jpeg\" \/>\n<meta name=\"author\" content=\"Amandine Darlavoix\" \/>\n<meta name=\"twitter:card\" content=\"summary_large_image\" \/>\n<meta name=\"twitter:creator\" content=\"@parc_vulcania\" \/>\n<meta name=\"twitter:site\" content=\"@parc_vulcania\" \/>\n<meta name=\"twitter:label1\" content=\"Written by\" \/>\n\t<meta name=\"twitter:data1\" content=\"Amandine Darlavoix\" \/>\n\t<meta name=\"twitter:label2\" content=\"Est. reading time\" \/>\n\t<meta name=\"twitter:data2\" content=\"1 minute\" \/>\n<script type=\"application\/ld+json\" class=\"yoast-schema-graph\">{\"@context\":\"https:\/\/schema.org\",\"@graph\":[{\"@type\":\"Article\",\"@id\":\"https:\/\/www.vulcania.com\/actualites\/14-july-2025\/#article\",\"isPartOf\":{\"@id\":\"https:\/\/www.vulcania.com\/actualites\/14-july-2025\/\"},\"author\":{\"name\":\"Amandine Darlavoix\",\"@id\":\"https:\/\/www.vulcania.com\/#\/schema\/person\/02ccc993e62eb0dca8f69a14919e704d\"},\"headline\":\"Monday 14 July 2025: Exceptional opening from 09.30 AM!\",\"datePublished\":\"2025-07-11T16:00:32+00:00\",\"dateModified\":\"2025-07-11T14:13:24+00:00\",\"mainEntityOfPage\":{\"@id\":\"https:\/\/www.vulcania.com\/actualites\/14-july-2025\/\"},\"wordCount\":175,\"publisher\":{\"@id\":\"https:\/\/www.vulcania.com\/#organization\"},\"image\":{\"@id\":\"https:\/\/www.vulcania.com\/actualites\/14-july-2025\/#primaryimage\"},\"thumbnailUrl\":\"https:\/\/www.vulcania.com\/wp-content\/uploads\/2025\/07\/actu_14-juillet_800x800_EN.jpg\",\"articleSection\":[\"Non classifi\u00e9(e)\"],\"inLanguage\":\"en-US\"},{\"@type\":\"WebPage\",\"@id\":\"https:\/\/www.vulcania.com\/actualites\/14-july-2025\/\",\"url\":\"https:\/\/www.vulcania.com\/actualites\/14-july-2025\/\",\"name\":\"Monday 14 July 2025: Exceptional opening from 09.30 AM! - Vulcania\",\"isPartOf\":{\"@id\":\"https:\/\/www.vulcania.com\/#website\"},\"primaryImageOfPage\":{\"@id\":\"https:\/\/www.vulcania.com\/actualites\/14-july-2025\/#primaryimage\"},\"image\":{\"@id\":\"https:\/\/www.vulcania.com\/actualites\/14-july-2025\/#primaryimage\"},\"thumbnailUrl\":\"https:\/\/www.vulcania.com\/wp-content\/uploads\/2025\/07\/actu_14-juillet_800x800_EN.jpg\",\"datePublished\":\"2025-07-11T16:00:32+00:00\",\"dateModified\":\"2025-07-11T14:13:24+00:00\",\"breadcrumb\":{\"@id\":\"https:\/\/www.vulcania.com\/actualites\/14-july-2025\/#breadcrumb\"},\"inLanguage\":\"en-US\",\"potentialAction\":[{\"@type\":\"ReadAction\",\"target\":[\"https:\/\/www.vulcania.com\/actualites\/14-july-2025\/\"]}]},{\"@type\":\"ImageObject\",\"inLanguage\":\"en-US\",\"@id\":\"https:\/\/www.vulcania.com\/actualites\/14-july-2025\/#primaryimage\",\"url\":\"https:\/\/www.vulcania.com\/wp-content\/uploads\/2025\/07\/actu_14-juillet_800x800_EN.jpg\",\"contentUrl\":\"https:\/\/www.vulcania.com\/wp-content\/uploads\/2025\/07\/actu_14-juillet_800x800_EN.jpg\",\"width\":800,\"height\":800},{\"@type\":\"BreadcrumbList\",\"@id\":\"https:\/\/www.vulcania.com\/actualites\/14-july-2025\/#breadcrumb\",\"itemListElement\":[{\"@type\":\"ListItem\",\"position\":1,\"name\":\"Accueil\",\"item\":\"https:\/\/www.vulcania.com\/en\/\"},{\"@type\":\"ListItem\",\"position\":2,\"name\":\"Monday 14 July 2025: Exceptional opening from 09.30 AM!\"}]},{\"@type\":\"WebSite\",\"@id\":\"https:\/\/www.vulcania.com\/#website\",\"url\":\"https:\/\/www.vulcania.com\/\",\"name\":\"Vulcania\",\"description\":\"Parc \u00e0 th\u00e8me au c\u0153ur des volcans d&#039;Auvergne\",\"publisher\":{\"@id\":\"https:\/\/www.vulcania.com\/#organization\"},\"potentialAction\":[{\"@type\":\"SearchAction\",\"target\":{\"@type\":\"EntryPoint\",\"urlTemplate\":\"https:\/\/www.vulcania.com\/?s={search_term_string}\"},\"query-input\":\"required name=search_term_string\"}],\"inLanguage\":\"en-US\"},{\"@type\":\"Organization\",\"@id\":\"https:\/\/www.vulcania.com\/#organization\",\"name\":\"Vulcania\",\"url\":\"https:\/\/www.vulcania.com\/\",\"logo\":{\"@type\":\"ImageObject\",\"inLanguage\":\"en-US\",\"@id\":\"https:\/\/www.vulcania.com\/#\/schema\/logo\/image\/\",\"url\":\"https:\/\/www.vulcania.com\/wp-content\/uploads\/2023\/03\/logo-vulcania.png\",\"contentUrl\":\"https:\/\/www.vulcania.com\/wp-content\/uploads\/2023\/03\/logo-vulcania.png\",\"width\":570,\"height\":253,\"caption\":\"Vulcania\"},\"image\":{\"@id\":\"https:\/\/www.vulcania.com\/#\/schema\/logo\/image\/\"},\"sameAs\":[\"https:\/\/www.facebook.com\/ParcVulcania\",\"https:\/\/x.com\/parc_vulcania\",\"https:\/\/www.youtube.com\/user\/ParcVulcania\",\"https:\/\/www.instagram.com\/parcvulcania\/\"]},{\"@type\":\"Person\",\"@id\":\"https:\/\/www.vulcania.com\/#\/schema\/person\/02ccc993e62eb0dca8f69a14919e704d\",\"name\":\"Amandine Darlavoix\",\"image\":{\"@type\":\"ImageObject\",\"inLanguage\":\"en-US\",\"@id\":\"https:\/\/www.vulcania.com\/#\/schema\/person\/image\/\",\"url\":\"https:\/\/secure.gravatar.com\/avatar\/369883d9e140e0b3fe22a70617116aa3?s=96&d=mm&r=g\",\"contentUrl\":\"https:\/\/secure.gravatar.com\/avatar\/369883d9e140e0b3fe22a70617116aa3?s=96&d=mm&r=g\",\"caption\":\"Amandine Darlavoix\"}}]}<\/script>\n<!-- \/ Yoast SEO plugin. -->","yoast_head_json":{"title":"Monday 14 July 2025: Exceptional opening from 09.30 AM! - Vulcania","robots":{"index":"index","follow":"follow","max-snippet":"max-snippet:-1","max-image-preview":"max-image-preview:large","max-video-preview":"max-video-preview:-1"},"canonical":"https:\/\/www.vulcania.com\/actualites\/14-july-2025\/","og_locale":"en_US","og_type":"article","og_title":"Monday 14 July 2025: Exceptional opening from 09.30 AM! - Vulcania","og_description":"The Tour de France will pass close to Clermont-Ferrand on Monday 14 July, which means that the roads out of the Clermont-Ferrand conurbation will be closed between 10 AM and 4 PM. To ensure that everything runs smoothly and that you have a great day out exploring the area, the car parks will be accessible from 9 AM and the activities will open at 9.30 AM on Monday!","og_url":"https:\/\/www.vulcania.com\/actualites\/14-july-2025\/","og_site_name":"Vulcania","article_publisher":"https:\/\/www.facebook.com\/ParcVulcania","article_published_time":"2025-07-11T16:00:32+00:00","article_modified_time":"2025-07-11T14:13:24+00:00","og_image":[{"width":800,"height":800,"url":"https:\/\/www.vulcania.com\/wp-content\/uploads\/2025\/07\/actu_14-juillet_800x800_EN.jpg","type":"image\/jpeg"}],"author":"Amandine Darlavoix","twitter_card":"summary_large_image","twitter_creator":"@parc_vulcania","twitter_site":"@parc_vulcania","twitter_misc":{"Written by":"Amandine Darlavoix","Est. reading time":"1 minute"},"schema":{"@context":"https:\/\/schema.org","@graph":[{"@type":"Article","@id":"https:\/\/www.vulcania.com\/actualites\/14-july-2025\/#article","isPartOf":{"@id":"https:\/\/www.vulcania.com\/actualites\/14-july-2025\/"},"author":{"name":"Amandine Darlavoix","@id":"https:\/\/www.vulcania.com\/#\/schema\/person\/02ccc993e62eb0dca8f69a14919e704d"},"headline":"Monday 14 July 2025: Exceptional opening from 09.30 AM!","datePublished":"2025-07-11T16:00:32+00:00","dateModified":"2025-07-11T14:13:24+00:00","mainEntityOfPage":{"@id":"https:\/\/www.vulcania.com\/actualites\/14-july-2025\/"},"wordCount":175,"publisher":{"@id":"https:\/\/www.vulcania.com\/#organization"},"image":{"@id":"https:\/\/www.vulcania.com\/actualites\/14-july-2025\/#primaryimage"},"thumbnailUrl":"https:\/\/www.vulcania.com\/wp-content\/uploads\/2025\/07\/actu_14-juillet_800x800_EN.jpg","articleSection":["Non classifi\u00e9(e)"],"inLanguage":"en-US"},{"@type":"WebPage","@id":"https:\/\/www.vulcania.com\/actualites\/14-july-2025\/","url":"https:\/\/www.vulcania.com\/actualites\/14-july-2025\/","name":"Monday 14 July 2025: Exceptional opening from 09.30 AM! - Vulcania","isPartOf":{"@id":"https:\/\/www.vulcania.com\/#website"},"primaryImageOfPage":{"@id":"https:\/\/www.vulcania.com\/actualites\/14-july-2025\/#primaryimage"},"image":{"@id":"https:\/\/www.vulcania.com\/actualites\/14-july-2025\/#primaryimage"},"thumbnailUrl":"https:\/\/www.vulcania.com\/wp-content\/uploads\/2025\/07\/actu_14-juillet_800x800_EN.jpg","datePublished":"2025-07-11T16:00:32+00:00","dateModified":"2025-07-11T14:13:24+00:00","breadcrumb":{"@id":"https:\/\/www.vulcania.com\/actualites\/14-july-2025\/#breadcrumb"},"inLanguage":"en-US","potentialAction":[{"@type":"ReadAction","target":["https:\/\/www.vulcania.com\/actualites\/14-july-2025\/"]}]},{"@type":"ImageObject","inLanguage":"en-US","@id":"https:\/\/www.vulcania.com\/actualites\/14-july-2025\/#primaryimage","url":"https:\/\/www.vulcania.com\/wp-content\/uploads\/2025\/07\/actu_14-juillet_800x800_EN.jpg","contentUrl":"https:\/\/www.vulcania.com\/wp-content\/uploads\/2025\/07\/actu_14-juillet_800x800_EN.jpg","width":800,"height":800},{"@type":"BreadcrumbList","@id":"https:\/\/www.vulcania.com\/actualites\/14-july-2025\/#breadcrumb","itemListElement":[{"@type":"ListItem","position":1,"name":"Accueil","item":"https:\/\/www.vulcania.com\/en\/"},{"@type":"ListItem","position":2,"name":"Monday 14 July 2025: Exceptional opening from 09.30 AM!"}]},{"@type":"WebSite","@id":"https:\/\/www.vulcania.com\/#website","url":"https:\/\/www.vulcania.com\/","name":"Vulcania","description":"Parc \u00e0 th\u00e8me au c\u0153ur des volcans d&#039;Auvergne","publisher":{"@id":"https:\/\/www.vulcania.com\/#organization"},"potentialAction":[{"@type":"SearchAction","target":{"@type":"EntryPoint","urlTemplate":"https:\/\/www.vulcania.com\/?s={search_term_string}"},"query-input":"required name=search_term_string"}],"inLanguage":"en-US"},{"@type":"Organization","@id":"https:\/\/www.vulcania.com\/#organization","name":"Vulcania","url":"https:\/\/www.vulcania.com\/","logo":{"@type":"ImageObject","inLanguage":"en-US","@id":"https:\/\/www.vulcania.com\/#\/schema\/logo\/image\/","url":"https:\/\/www.vulcania.com\/wp-content\/uploads\/2023\/03\/logo-vulcania.png","contentUrl":"https:\/\/www.vulcania.com\/wp-content\/uploads\/2023\/03\/logo-vulcania.png","width":570,"height":253,"caption":"Vulcania"},"image":{"@id":"https:\/\/www.vulcania.com\/#\/schema\/logo\/image\/"},"sameAs":["https:\/\/www.facebook.com\/ParcVulcania","https:\/\/x.com\/parc_vulcania","https:\/\/www.youtube.com\/user\/ParcVulcania","https:\/\/www.instagram.com\/parcvulcania\/"]},{"@type":"Person","@id":"https:\/\/www.vulcania.com\/#\/schema\/person\/02ccc993e62eb0dca8f69a14919e704d","name":"Amandine Darlavoix","image":{"@type":"ImageObject","inLanguage":"en-US","@id":"https:\/\/www.vulcania.com\/#\/schema\/person\/image\/","url":"https:\/\/secure.gravatar.com\/avatar\/369883d9e140e0b3fe22a70617116aa3?s=96&d=mm&r=g","contentUrl":"https:\/\/secure.gravatar.com\/avatar\/369883d9e140e0b3fe22a70617116aa3?s=96&d=mm&r=g","caption":"Amandine Darlavoix"}}]}},"_links":{"self":[{"href":"https:\/\/www.vulcania.com\/en\/wp-json\/wp\/v2\/posts\/28138"}],"collection":[{"href":"https:\/\/www.vulcania.com\/en\/wp-json\/wp\/v2\/posts"}],"about":[{"href":"https:\/\/www.vulcania.com\/en\/wp-json\/wp\/v2\/types\/post"}],"author":[{"embeddable":true,"href":"https:\/\/www.vulcania.com\/en\/wp-json\/wp\/v2\/users\/2"}],"replies":[{"embeddable":true,"href":"https:\/\/www.vulcania.com\/en\/wp-json\/wp\/v2\/comments?post=28138"}],"version-history":[{"count":3,"href":"https:\/\/www.vulcania.com\/en\/wp-json\/wp\/v2\/posts\/28138\/revisions"}],"predecessor-version":[{"id":28144,"href":"https:\/\/www.vulcania.com\/en\/wp-json\/wp\/v2\/posts\/28138\/revisions\/28144"}],"wp:featuredmedia":[{"embeddable":true,"href":"https:\/\/www.vulcania.com\/en\/wp-json\/wp\/v2\/media\/28145"}],"wp:attachment":[{"href":"https:\/\/www.vulcania.com\/en\/wp-json\/wp\/v2\/media?parent=28138"}],"wp:term":[{"taxonomy":"category","embeddable":true,"href":"https:\/\/www.vulcania.com\/en\/wp-json\/wp\/v2\/categories?post=28138"},{"taxonomy":"post_tag","embeddable":true,"href":"https:\/\/www.vulcania.com\/en\/wp-json\/wp\/v2\/tags?post=28138"},{"taxonomy":"mise_en_avant","embeddable":true,"href":"https:\/\/www.vulcania.com\/en\/wp-json\/wp\/v2\/mise_en_avant?post=28138"}],"curies":[{"name":"wp","href":"https:\/\/api.w.org\/{rel}","templated":true}]}}